{"id":1245,"date":"2016-03-31T13:47:16","date_gmt":"2016-03-31T13:47:16","guid":{"rendered":"http:\/\/samusocialsenegal.com\/?p=1245"},"modified":"2016-03-31T13:47:16","modified_gmt":"2016-03-31T13:47:16","slug":"european-union-supports-samu-social","status":"publish","type":"post","link":"https:\/\/samusocialsenegal.com\/en\/european-union-supports-samu-social\/","title":{"rendered":"European Union supports Samu Social"},"content":{"rendered":"<p><a href=\"http:\/\/samusocialsenegal.com\/wp-content\/uploads\/2016\/03\/20160322_111442.jpg\" rel=\"attachment wp-att-1249\" data-rel=\"lightbox-gallery-is4NY0GJ\" data-rl_title=\"\" data-rl_caption=\"\" title=\"\"><img loading=\"lazy\" decoding=\"async\" class=\"size-thumbnail wp-image-1249 alignleft\" src=\"http:\/\/samusocialsenegal.com\/wp-content\/uploads\/2016\/03\/20160322_111442-150x150.jpg\" alt=\"20160322_111442\" width=\"150\" height=\"150\" \/><span style=\"color: #000000;\">This Tuesday, March 22, 2016, Samu Social Senegal organized a press conference for the program launch of the European Union financial support, with\u00a0the presence of the first advisor of EU office of Dakar, Mr Clemens Schroeter. The EU will support our activities up to\u00a0600,000 euros until June 2018, that is 68% of our budget: care of\u00a0street children, accommodation, family returns but also development of local skills, advocacy, suppor associative partners.<\/span><br \/>\n<span style=\"color: #000000;\">Follow us on our facebook page!<\/span><\/a><\/p>","protected":false},"excerpt":{"rendered":"<p>This Tuesday, March 22, 2016, Samu Social Senegal organized a press conference for the program launch of the European Union financial support, with\u00a0the presence of the first advisor of EU office of Dakar, Mr Clemens Schroeter. The EU will support our activities up to\u00a0600,000 euros until June 2018, that is 68% of our budget: care [&hellip;]<\/p>\n","protected":false},"author":2,"featured_media":1249,"comment_status":"closed","ping_status":"closed","sticky":false,"template":"","format":"standard","meta":{"footnotes":""},"categories":[1],"tags":[],"class_list":{"0":"post-1245","1":"post","2":"type-post","3":"status-publish","4":"format-standard","5":"has-post-thumbnail","7":"category-news","8":"czr-hentry"},"yoast_head":"<!-- This site is optimized with the Yoast SEO plugin v25.3.1 - https:\/\/yoast.com\/wordpress\/plugins\/seo\/ -->\n<title>European Union supports Samu Social - Samu Social S\u00e9n\u00e9gal<\/title>\n<meta name=\"robots\" content=\"index, follow, max-snippet:-1, max-image-preview:large, max-video-preview:-1\" \/>\n<link rel=\"canonical\" href=\"https:\/\/samusocialsenegal.com\/en\/european-union-supports-samu-social\/\" \/>\n<meta property=\"og:locale\" content=\"en_US\" \/>\n<meta property=\"og:type\" content=\"article\" \/>\n<meta property=\"og:title\" content=\"European Union supports Samu Social - Samu Social S\u00e9n\u00e9gal\" \/>\n<meta property=\"og:description\" content=\"This Tuesday, March 22, 2016, Samu Social Senegal organized a press conference for the program launch of the European Union financial support, with\u00a0the presence of the first advisor of EU office of Dakar, Mr Clemens Schroeter. The EU will support our activities up to\u00a0600,000 euros until June 2018, that is 68% of our budget: care [&hellip;]\" \/>\n<meta property=\"og:url\" content=\"https:\/\/samusocialsenegal.com\/en\/european-union-supports-samu-social\/\" \/>\n<meta property=\"og:site_name\" content=\"Samu Social S\u00e9n\u00e9gal\" \/>\n<meta property=\"article:published_time\" content=\"2016-03-31T13:47:16+00:00\" \/>\n<meta property=\"og:image\" content=\"https:\/\/samusocialsenegal.com\/wp-content\/uploads\/2016\/03\/20160322_111442.jpg\" \/>\n\t<meta property=\"og:image:width\" content=\"1024\" \/>\n\t<meta property=\"og:image:height\" content=\"576\" \/>\n\t<meta property=\"og:image:type\" content=\"image\/jpeg\" \/>\n<meta name=\"author\" content=\"Samu Social S\u00e9n\u00e9gal\" \/>\n<meta name=\"twitter:label1\" content=\"Written by\" \/>\n\t<meta name=\"twitter:data1\" content=\"Samu Social S\u00e9n\u00e9gal\" \/>\n\t<meta name=\"twitter:label2\" content=\"Est. reading time\" \/>\n\t<meta name=\"twitter:data2\" content=\"1 minute\" \/>\n<script type=\"application\/ld+json\" class=\"yoast-schema-graph\">{\"@context\":\"https:\/\/schema.org\",\"@graph\":[{\"@type\":\"WebPage\",\"@id\":\"https:\/\/samusocialsenegal.com\/en\/european-union-supports-samu-social\/\",\"url\":\"https:\/\/samusocialsenegal.com\/en\/european-union-supports-samu-social\/\",\"name\":\"European Union supports Samu Social - Samu Social S\u00e9n\u00e9gal\",\"isPartOf\":{\"@id\":\"https:\/\/samusocialsenegal.com\/en\/#website\"},\"primaryImageOfPage\":{\"@id\":\"https:\/\/samusocialsenegal.com\/en\/european-union-supports-samu-social\/#primaryimage\"},\"image\":{\"@id\":\"https:\/\/samusocialsenegal.com\/european-union-supports-samu-social\/#primaryimage\"},\"thumbnailUrl\":\"https:\/\/samusocialsenegal.com\/wp-content\/uploads\/2016\/03\/20160322_111442.jpg\",\"datePublished\":\"2016-03-31T13:47:16+00:00\",\"author\":{\"@id\":\"https:\/\/samusocialsenegal.com\/#\/schema\/person\/99666cb0e884a7ba8d300fefb38878c2\"},\"breadcrumb\":{\"@id\":\"https:\/\/samusocialsenegal.com\/en\/european-union-supports-samu-social\/#breadcrumb\"},\"inLanguage\":\"en-US\",\"potentialAction\":[{\"@type\":\"ReadAction\",\"target\":[[\"https:\/\/samusocialsenegal.com\/en\/european-union-supports-samu-social\/\"]]}]},{\"@type\":\"ImageObject\",\"inLanguage\":\"en-US\",\"@id\":\"https:\/\/samusocialsenegal.com\/en\/european-union-supports-samu-social\/#primaryimage\",\"url\":\"https:\/\/samusocialsenegal.com\/wp-content\/uploads\/2016\/03\/20160322_111442.jpg\",\"contentUrl\":\"https:\/\/samusocialsenegal.com\/wp-content\/uploads\/2016\/03\/20160322_111442.jpg\",\"width\":1024,\"height\":576},{\"@type\":\"BreadcrumbList\",\"@id\":\"https:\/\/samusocialsenegal.com\/en\/european-union-supports-samu-social\/#breadcrumb\",\"itemListElement\":[{\"@type\":\"ListItem\",\"position\":1,\"name\":\"Accueil\",\"item\":\"https:\/\/samusocialsenegal.com\/en\/\"},{\"@type\":\"ListItem\",\"position\":2,\"name\":\"L&rsquo;Union Europ\u00e9enne soutient le Samu Social\"}]},{\"@type\":\"WebSite\",\"@id\":\"https:\/\/samusocialsenegal.com\/en\/#website\",\"url\":\"https:\/\/samusocialsenegal.com\/en\/\",\"name\":\"Samu Social S\u00e9n\u00e9gal\",\"description\":\"\",\"potentialAction\":[{\"@type\":\"SearchAction\",\"target\":{\"@type\":\"EntryPoint\",\"urlTemplate\":\"https:\/\/samusocialsenegal.com\/en\/?s={search_term_string}\"},\"query-input\":{\"@type\":\"PropertyValueSpecification\",\"valueRequired\":true,\"valueName\":\"search_term_string\"}}],\"inLanguage\":\"en-US\"},{\"@type\":\"Person\",\"@id\":\"https:\/\/samusocialsenegal.com\/#\/schema\/person\/99666cb0e884a7ba8d300fefb38878c2\",\"name\":\"Samu Social S\u00e9n\u00e9gal\",\"image\":{\"@type\":\"ImageObject\",\"inLanguage\":\"en-US\",\"@id\":\"https:\/\/samusocialsenegal.com\/en\/#\/schema\/person\/image\/\",\"url\":\"https:\/\/secure.gravatar.com\/avatar\/89d7b2e544486651e29a4b31ce84a1c9ab5b3c5c315a09bb7b4b8caf098e16d2?s=96&d=mm&r=g\",\"contentUrl\":\"https:\/\/secure.gravatar.com\/avatar\/89d7b2e544486651e29a4b31ce84a1c9ab5b3c5c315a09bb7b4b8caf098e16d2?s=96&d=mm&r=g\",\"caption\":\"Samu Social S\u00e9n\u00e9gal\"},\"url\":\"https:\/\/samusocialsenegal.com\/en\/author\/isabelle\/\"}]}<\/script>\n<!-- \/ Yoast SEO plugin. -->","yoast_head_json":{"title":"European Union supports Samu Social - Samu Social S\u00e9n\u00e9gal","robots":{"index":"index","follow":"follow","max-snippet":"max-snippet:-1","max-image-preview":"max-image-preview:large","max-video-preview":"max-video-preview:-1"},"canonical":"https:\/\/samusocialsenegal.com\/en\/european-union-supports-samu-social\/","og_locale":"en_US","og_type":"article","og_title":"European Union supports Samu Social - Samu Social S\u00e9n\u00e9gal","og_description":"This Tuesday, March 22, 2016, Samu Social Senegal organized a press conference for the program launch of the European Union financial support, with\u00a0the presence of the first advisor of EU office of Dakar, Mr Clemens Schroeter. The EU will support our activities up to\u00a0600,000 euros until June 2018, that is 68% of our budget: care [&hellip;]","og_url":"https:\/\/samusocialsenegal.com\/en\/european-union-supports-samu-social\/","og_site_name":"Samu Social S\u00e9n\u00e9gal","article_published_time":"2016-03-31T13:47:16+00:00","og_image":[{"width":1024,"height":576,"url":"https:\/\/samusocialsenegal.com\/wp-content\/uploads\/2016\/03\/20160322_111442.jpg","type":"image\/jpeg"}],"author":"Samu Social S\u00e9n\u00e9gal","twitter_misc":{"Written by":"Samu Social S\u00e9n\u00e9gal","Est. reading time":"1 minute"},"schema":{"@context":"https:\/\/schema.org","@graph":[{"@type":"WebPage","@id":"https:\/\/samusocialsenegal.com\/en\/european-union-supports-samu-social\/","url":"https:\/\/samusocialsenegal.com\/en\/european-union-supports-samu-social\/","name":"European Union supports Samu Social - Samu Social S\u00e9n\u00e9gal","isPartOf":{"@id":"https:\/\/samusocialsenegal.com\/en\/#website"},"primaryImageOfPage":{"@id":"https:\/\/samusocialsenegal.com\/en\/european-union-supports-samu-social\/#primaryimage"},"image":{"@id":"https:\/\/samusocialsenegal.com\/european-union-supports-samu-social\/#primaryimage"},"thumbnailUrl":"https:\/\/samusocialsenegal.com\/wp-content\/uploads\/2016\/03\/20160322_111442.jpg","datePublished":"2016-03-31T13:47:16+00:00","author":{"@id":"https:\/\/samusocialsenegal.com\/#\/schema\/person\/99666cb0e884a7ba8d300fefb38878c2"},"breadcrumb":{"@id":"https:\/\/samusocialsenegal.com\/en\/european-union-supports-samu-social\/#breadcrumb"},"inLanguage":"en-US","potentialAction":[{"@type":"ReadAction","target":[["https:\/\/samusocialsenegal.com\/en\/european-union-supports-samu-social\/"]]}]},{"@type":"ImageObject","inLanguage":"en-US","@id":"https:\/\/samusocialsenegal.com\/en\/european-union-supports-samu-social\/#primaryimage","url":"https:\/\/samusocialsenegal.com\/wp-content\/uploads\/2016\/03\/20160322_111442.jpg","contentUrl":"https:\/\/samusocialsenegal.com\/wp-content\/uploads\/2016\/03\/20160322_111442.jpg","width":1024,"height":576},{"@type":"BreadcrumbList","@id":"https:\/\/samusocialsenegal.com\/en\/european-union-supports-samu-social\/#breadcrumb","itemListElement":[{"@type":"ListItem","position":1,"name":"Accueil","item":"https:\/\/samusocialsenegal.com\/en\/"},{"@type":"ListItem","position":2,"name":"L&rsquo;Union Europ\u00e9enne soutient le Samu Social"}]},{"@type":"WebSite","@id":"https:\/\/samusocialsenegal.com\/en\/#website","url":"https:\/\/samusocialsenegal.com\/en\/","name":"Samu Social S\u00e9n\u00e9gal","description":"","potentialAction":[{"@type":"SearchAction","target":{"@type":"EntryPoint","urlTemplate":"https:\/\/samusocialsenegal.com\/en\/?s={search_term_string}"},"query-input":{"@type":"PropertyValueSpecification","valueRequired":true,"valueName":"search_term_string"}}],"inLanguage":"en-US"},{"@type":"Person","@id":"https:\/\/samusocialsenegal.com\/#\/schema\/person\/99666cb0e884a7ba8d300fefb38878c2","name":"Samu Social S\u00e9n\u00e9gal","image":{"@type":"ImageObject","inLanguage":"en-US","@id":"https:\/\/samusocialsenegal.com\/en\/#\/schema\/person\/image\/","url":"https:\/\/secure.gravatar.com\/avatar\/89d7b2e544486651e29a4b31ce84a1c9ab5b3c5c315a09bb7b4b8caf098e16d2?s=96&d=mm&r=g","contentUrl":"https:\/\/secure.gravatar.com\/avatar\/89d7b2e544486651e29a4b31ce84a1c9ab5b3c5c315a09bb7b4b8caf098e16d2?s=96&d=mm&r=g","caption":"Samu Social S\u00e9n\u00e9gal"},"url":"https:\/\/samusocialsenegal.com\/en\/author\/isabelle\/"}]}},"_links":{"self":[{"href":"https:\/\/samusocialsenegal.com\/en\/wp-json\/wp\/v2\/posts\/1245","targetHints":{"allow":["GET"]}}],"collection":[{"href":"https:\/\/samusocialsenegal.com\/en\/wp-json\/wp\/v2\/posts"}],"about":[{"href":"https:\/\/samusocialsenegal.com\/en\/wp-json\/wp\/v2\/types\/post"}],"author":[{"embeddable":true,"href":"https:\/\/samusocialsenegal.com\/en\/wp-json\/wp\/v2\/users\/2"}],"replies":[{"embeddable":true,"href":"https:\/\/samusocialsenegal.com\/en\/wp-json\/wp\/v2\/comments?post=1245"}],"version-history":[{"count":2,"href":"https:\/\/samusocialsenegal.com\/en\/wp-json\/wp\/v2\/posts\/1245\/revisions"}],"predecessor-version":[{"id":1250,"href":"https:\/\/samusocialsenegal.com\/en\/wp-json\/wp\/v2\/posts\/1245\/revisions\/1250"}],"wp:featuredmedia":[{"embeddable":true,"href":"https:\/\/samusocialsenegal.com\/en\/wp-json\/wp\/v2\/media\/1249"}],"wp:attachment":[{"href":"https:\/\/samusocialsenegal.com\/en\/wp-json\/wp\/v2\/media?parent=1245"}],"wp:term":[{"taxonomy":"category","embeddable":true,"href":"https:\/\/samusocialsenegal.com\/en\/wp-json\/wp\/v2\/categories?post=1245"},{"taxonomy":"post_tag","embeddable":true,"href":"https:\/\/samusocialsenegal.com\/en\/wp-json\/wp\/v2\/tags?post=1245"}],"curies":[{"name":"wp","href":"https:\/\/api.w.org\/{rel}","templated":true}]}}